[{"@context":"https:\/\/schema.org\/","@type":"Article","@id":"https:\/\/www.mera.sk\/kupte-si-co-chcete\/#Article","mainEntityOfPage":"https:\/\/www.mera.sk\/kupte-si-co-chcete\/","headline":"K\u00fapte si, \u010do chcete","name":"K\u00fapte si, \u010do chcete","description":"Ke\u010f som bola mlad\u0161ia, v\u017edy mi z\u00e1le\u017ealo na tom, ako vyzer\u00e1 moje okolie. Ako vyzeraj\u00fa veci okolo m\u0148a a ako p\u00f4sobia na \u013eud\u00ed, ktor\u00ed s\u00fa mojou s\u00fa\u010das\u0165ou. Bolo mi jasn\u00e9, \u017ee nech sa deje \u010doko\u013evek, niektor\u00e9 veci sa proste ovplyvni\u0165 &hellip; <a href=\"https:\/\/www.mera.sk\/kupte-si-co-chcete\/\">Continue reading <span class=\"meta-nav\">&rarr;<\/span><\/a>","datePublished":"2018-06-19","dateModified":"2018-06-19","author":{"@type":"Person","@id":"https:\/\/www.mera.sk\/author\/#Person","name":"","url":"https:\/\/www.mera.sk\/author\/","identifier":1,"image":{"@type":"ImageObject","@id":"https:\/\/secure.gravatar.com\/avatar\/afe3e9c307ddf0b756c397ad75c6ecdba1f9da628b10651fe33a13bba6407ccd?s=96&d=mm&r=g","url":"https:\/\/secure.gravatar.com\/avatar\/afe3e9c307ddf0b756c397ad75c6ecdba1f9da628b10651fe33a13bba6407ccd?s=96&d=mm&r=g","height":96,"width":96}},"publisher":{"@type":"Organization","name":"mera.sk","logo":{"@type":"ImageObject","@id":"\/logo.png","url":"\/logo.png","width":600,"height":60}},"image":{"@type":"ImageObject","@id":"https:\/\/www.mera.sk\/wp-content\/uploads\/img_a289195_w16488_t1530269629.jpg","url":"https:\/\/www.mera.sk\/wp-content\/uploads\/img_a289195_w16488_t1530269629.jpg","height":0,"width":0},"url":"https:\/\/www.mera.sk\/kupte-si-co-chcete\/","about":["IT"],"wordCount":403,"articleBody":"    Ke\u010f som bola mlad\u0161ia, v\u017edy mi z\u00e1le\u017ealo na tom, ako vyzer\u00e1 moje okolie. Ako vyzeraj\u00fa veci okolo m\u0148a a ako p\u00f4sobia na \u013eud\u00ed, ktor\u00ed s\u00fa mojou s\u00fa\u010das\u0165ou. Bolo mi jasn\u00e9, \u017ee nech sa deje \u010doko\u013evek, niektor\u00e9 veci sa proste ovplyvni\u0165 nedaj\u00fa, no napriek tomu sa mus\u00edme zamera\u0165 na to, \u017ee v\u0161etko sa d\u00e1 vyrie\u0161i\u0165. Ja som vyrastala v rodine, kde sa v\u0161etko dedilo. Mohla som by\u0165 rada, \u017ee som po niekom nezdedila aj zubn\u00fa kefu a spodn\u00e9 pr\u00e1dlo, preto\u017ee nech sa dialo \u010doko\u013evek, vedela som, \u017ee to m\u00e1km po niekom alebo, \u017ee to ja budem musie\u0165 niekomu darova\u0165. Nevrav\u00edm, \u017ee je to zl\u00e9. Ale mysl\u00edm si, \u017ee ka\u017ed\u00fd raz za \u010das potrebuje aj to svoje, v \u010dom sa bude vedie\u0165 realizova\u0165. Preto som vedela, \u017ee si chcem na\u0161etri\u0165 na to, aby som si mohla svoje b\u00fdvanie poriadne u\u017ei\u0165 a by\u0165 s n\u00edm naozaj spokojn\u00e1. Nevidela som d\u00f4vod, pre\u010do by som sa mala orientova\u0165 len na veci, ktor\u00e9 potrebujem a tie, ktor\u00e9 si m\u00f4\u017eem od niekoho zobra\u0165. Naozaj som chcela ma\u0165 modern\u00fd domov, ktor\u00fd bude vyzera\u0165 perfektne, i\u0161lo mi len o to, aby som mala aj nie\u010do, \u010do predo mnou nikto nemal a \u010do nebudem musie\u0165 podarova\u0165. Preto som nakoniec skon\u010dila pri tom, \u017ee budem ma\u0165 doma presklene steny.Nebolo to nie\u010do, po \u010dom som od mali\u010dka t\u00fa\u017eila. Bolo to nie\u010do, \u010do som proste chcela a\u017e nesk\u00f4r, preto\u017ee mi na tom z\u00e1le\u017ealo a preto\u017ee som vedela, \u017ee presne toto ma posunie v mojom \u017eivote \u010falej. Nemus\u00edm ma\u0165 predsa v\u00fd\u010ditky, ak si k\u00fapim nie\u010do nov\u00e9, nie\u010do, \u010do po nikom nezded\u00edm a na \u010do sa budem m\u00f4c\u0165 skuto\u010dne spo\u013eahn\u00fa\u0165. Tak\u017ee u\u017e naozaj ani nem\u00e1m nad \u010d\u00edm rozm\u00fd\u0161\u013ea\u0165. Ja len chcem, aby som bola spokojn\u00e1 ja a aj m\u00f4j partner a aby sme nemali v\u0161etko po niekom v na\u0161om okol\u00ed. Ka\u017ed\u00fd chce ma\u0165 predsa aj svoje veci, je to norm\u00e1lne a aj ke\u010f recykl\u00e1ciu podporujem, neznamen\u00e1 to, \u017ee nechcem ma\u0165 nie\u010do aj svoje. Ale ur\u010dite to nepova\u017eujem za nie\u010do zl\u00e9, tak\u00e1 je v\u00e4\u010d\u0161ina \u013eud\u00ed, ktor\u00fdch pozn\u00e1m. Preto mi je to jasn\u00e9.                                                                                                                                                                                                                                                                                                                                                                                           4.2\/5 - (11 votes)        "},{"@context":"https:\/\/schema.org\/","@type":"BreadcrumbList","itemListElement":[{"@type":"ListItem","position":1,"name":"K\u00fapte si, \u010do chcete","item":"https:\/\/www.mera.sk\/kupte-si-co-chcete\/#breadcrumbitem"}]}]